{"id":970,"date":"2024-06-01T08:36:15","date_gmt":"2024-06-01T06:36:15","guid":{"rendered":"https:\/\/lecourtildequincieux.fr\/?p=970"},"modified":"2024-07-11T08:42:31","modified_gmt":"2024-07-11T06:42:31","slug":"bien-du-monde-aux-portes-ouvertes","status":"publish","type":"post","link":"https:\/\/lecourtildequincieux.fr\/?p=970","title":{"rendered":"Bien du monde aux Portes Ouvertes"},"content":{"rendered":"\n<p>150 personnes !<br>C&rsquo;est le nombre de visiteurs, de clients, de partenaires qui nous ont rendu visite pour les <strong>Portes Ouvertes au Courtil<\/strong> le samedi 25 mai 2024 !<\/p>\n\n\n\n<p>Pour cette premi\u00e8re \u00e9dition, f\u00eatant notre deuxi\u00e8me saison et notre r\u00e9cente transformation en SCIC, le soleil a r\u00e9uni des clients, des voisins, mais aussi l&rsquo;\u00e9cosyst\u00e8me local qui nous accompagne (<a href=\"https:\/\/www.linkedin.com\/company\/grand-lyon-la-m%C3%A9tropole\/\">M\u00e9tropole de Lyon<\/a>, @Syndicat Mixte Plaine Mont d&rsquo;Or, commune de Quincieux, le club d&rsquo;investisseurs <a href=\"https:\/\/www.linkedin.com\/company\/cigales-auvergne-rh%C3%B4ne-alpes\/\">Cigales Auvergne-Rh\u00f4ne-Alpes<\/a>, les associations <a href=\"https:\/\/www.linkedin.com\/company\/terre-de-liens\/\">Terre de Liens<\/a> et <a href=\"https:\/\/www.linkedin.com\/company\/saonessence\/\">Sa\u00f4nESSence<\/a>, &#8230;<br><\/p>\n\n\n\n<figure class=\"wp-block-gallery has-nested-images columns-default is-cropped wp-block-gallery-1 is-layout-flex wp-block-gallery-is-layout-flex\">\n<figure class=\"wp-block-image size-large\"><img fetchpriority=\"high\" decoding=\"async\" width=\"1024\" height=\"768\" data-id=\"974\" src=\"https:\/\/lecourtildequincieux.fr\/wp-content\/uploads\/2024\/07\/1717075357560-1024x768.jpg\" alt=\"Portes Ouvertes au Courtil de Quincieux\" class=\"wp-image-974\" srcset=\"https:\/\/lecourtildequincieux.fr\/wp-content\/uploads\/2024\/07\/1717075357560-1024x768.jpg 1024w, https:\/\/lecourtildequincieux.fr\/wp-content\/uploads\/2024\/07\/1717075357560-300x225.jpg 300w, https:\/\/lecourtildequincieux.fr\/wp-content\/uploads\/2024\/07\/1717075357560-768x576.jpg 768w, https:\/\/lecourtildequincieux.fr\/wp-content\/uploads\/2024\/07\/1717075357560-1536x1152.jpg 1536w, https:\/\/lecourtildequincieux.fr\/wp-content\/uploads\/2024\/07\/1717075357560.jpg 2048w\" sizes=\"(max-width: 1024px) 100vw, 1024px\" \/><\/figure>\n\n\n\n<figure class=\"wp-block-image size-large\"><img decoding=\"async\" width=\"742\" height=\"558\" data-id=\"973\" src=\"https:\/\/lecourtildequincieux.fr\/wp-content\/uploads\/2024\/07\/1717075355645.jpg\" alt=\"Portes Ouvertes au Courtil de Quincieux\" class=\"wp-image-973\" srcset=\"https:\/\/lecourtildequincieux.fr\/wp-content\/uploads\/2024\/07\/1717075355645.jpg 742w, https:\/\/lecourtildequincieux.fr\/wp-content\/uploads\/2024\/07\/1717075355645-300x226.jpg 300w\" sizes=\"(max-width: 742px) 100vw, 742px\" \/><\/figure>\n\n\n\n<figure class=\"wp-block-image size-large\"><img decoding=\"async\" width=\"846\" height=\"634\" data-id=\"972\" src=\"https:\/\/lecourtildequincieux.fr\/wp-content\/uploads\/2024\/07\/1717075355756.jpg\" alt=\"Portes Ouvertes au Courtil de Quincieux\" class=\"wp-image-972\" srcset=\"https:\/\/lecourtildequincieux.fr\/wp-content\/uploads\/2024\/07\/1717075355756.jpg 846w, https:\/\/lecourtildequincieux.fr\/wp-content\/uploads\/2024\/07\/1717075355756-300x225.jpg 300w, https:\/\/lecourtildequincieux.fr\/wp-content\/uploads\/2024\/07\/1717075355756-768x576.jpg 768w\" sizes=\"(max-width: 846px) 100vw, 846px\" \/><\/figure>\n\n\n\n<figure class=\"wp-block-image size-large\"><img loading=\"lazy\" decoding=\"async\" width=\"2048\" height=\"1151\" data-id=\"975\" src=\"https:\/\/lecourtildequincieux.fr\/wp-content\/uploads\/2024\/07\/1717075356784-edited.jpg\" alt=\"Portes Ouvertes au Courtil dePortes Ouvertes au Courtil de Quincieux Quincieux\" class=\"wp-image-975\" srcset=\"https:\/\/lecourtildequincieux.fr\/wp-content\/uploads\/2024\/07\/1717075356784-edited.jpg 2048w, https:\/\/lecourtildequincieux.fr\/wp-content\/uploads\/2024\/07\/1717075356784-edited-300x169.jpg 300w, https:\/\/lecourtildequincieux.fr\/wp-content\/uploads\/2024\/07\/1717075356784-edited-1024x576.jpg 1024w, https:\/\/lecourtildequincieux.fr\/wp-content\/uploads\/2024\/07\/1717075356784-edited-768x432.jpg 768w, https:\/\/lecourtildequincieux.fr\/wp-content\/uploads\/2024\/07\/1717075356784-edited-1536x863.jpg 1536w\" sizes=\"(max-width: 2048px) 100vw, 2048px\" \/><figcaption class=\"wp-element-caption\">Portes Ouvertes au Courtil de Quincieux<\/figcaption><\/figure>\n<\/figure>\n\n\n\n<p><br>De la musique, des visites, des papotages, des jeux pour \u00e9changer sur les contours du projet <a href=\"https:\/\/www.linkedin.com\/company\/le-courtil-de-quincieux\/\">Le Courtil de Quincieux<\/a> autour :<br><br>\ud83d\udc69\ud83c\udffb\u200d\ud83c\udf3e \ud83d\udc68\ud83c\udffb\u200d\ud83c\udf3e du choix de l&rsquo;installation \u00e0 plusieurs et de la diversit\u00e9 d&rsquo;activit\u00e9s sur la ferme <br>\ud83c\udf31\ud83c\udf31 de l&rsquo;accompagnement humain et juridique par des structures sp\u00e9cialis\u00e9es (<a href=\"https:\/\/www.linkedin.com\/company\/les-fermes-partagees\/\">Les Fermes Partag\u00e9es<\/a>, @addear, <a href=\"https:\/\/www.linkedin.com\/company\/les-scop-auvergne-rh-ne-alpes\/\">Les Scop et Scic Auvergne-Rh\u00f4ne-Alpes<\/a>, <a href=\"https:\/\/www.linkedin.com\/company\/chambreagriculturerhone\/\">Chambre d&rsquo;agriculture du Rh\u00f4ne<\/a>&#8230;)<br>\ud83d\ude9c\ud83d\ude9c du test de l&rsquo;activit\u00e9 et du travail en collectif avant de s&rsquo;associer en SCIC<br>\ud83d\udccb\ud83d\udccb du choix du statut coop\u00e9ratif pour faciliter l&rsquo;entr\u00e9e dans le monde agricole et pour avoir les droits sociaux associ\u00e9s au statut d&rsquo;associ\u00e9-salari\u00e9<br><br>Merci \u00e0 tous les b\u00e9n\u00e9voles et \u00e0 tous les visiteurs pour leur participation \u00e0 cette journ\u00e9e, aux visites des diff\u00e9rents ateliers.<br><br><br>Pour cette premi\u00e8re \u00e9dition, f\u00eatant notre deuxi\u00e8me saison et notre r\u00e9cente transformation en SCIC, le soleil a r\u00e9uni des clients, des voisins, mais aussi l&rsquo;\u00e9cosyst\u00e8me local qui nous accompagne (<a href=\"https:\/\/www.linkedin.com\/company\/grand-lyon-la-m%C3%A9tropole\/\">M\u00e9tropole de Lyon<\/a>, @Syndicat Mixte Plaine Mont d&rsquo;Or, commune de Quincieux, le club d&rsquo;investisseurs <a href=\"https:\/\/www.linkedin.com\/company\/cigales-auvergne-rh%C3%B4ne-alpes\/\">Cigales Auvergne-Rh\u00f4ne-Alpes<\/a>, les associations <a href=\"https:\/\/www.linkedin.com\/company\/terre-de-liens\/\">Terre de Liens<\/a> et <a href=\"https:\/\/www.linkedin.com\/company\/saonessence\/\">Sa\u00f4nESSence<\/a>, &#8230;<br><br>De la musique, des visites, des papotages, des jeux pour \u00e9changer sur les contours du projet <a href=\"https:\/\/www.linkedin.com\/company\/le-courtil-de-quincieux\/\">Le Courtil de Quincieux<\/a> autour :<br><br>\ud83d\udc69\ud83c\udffb\u200d\ud83c\udf3e \ud83d\udc68\ud83c\udffb\u200d\ud83c\udf3e du choix de l&rsquo;installation \u00e0 plusieurs et de la diversit\u00e9 d&rsquo;activit\u00e9s sur la ferme <br>\ud83c\udf31\ud83c\udf31 de l&rsquo;accompagnement humain et juridique par des structures sp\u00e9cialis\u00e9es (<a href=\"https:\/\/www.linkedin.com\/company\/les-fermes-partagees\/\">Les Fermes Partag\u00e9es<\/a>, @addear, <a href=\"https:\/\/www.linkedin.com\/company\/les-scop-auvergne-rh-ne-alpes\/\">Les Scop et Scic Auvergne-Rh\u00f4ne-Alpes<\/a>, <a href=\"https:\/\/www.linkedin.com\/company\/chambreagriculturerhone\/\">Chambre d&rsquo;agriculture du Rh\u00f4ne<\/a>&#8230;)<br>\ud83d\ude9c\ud83d\ude9c du test de l&rsquo;activit\u00e9 et du travail en collectif avant de s&rsquo;associer en SCIC<br>\ud83d\udccb\ud83d\udccb du choix du statut coop\u00e9ratif pour faciliter l&rsquo;entr\u00e9e dans le monde agricole et pour avoir les droits sociaux associ\u00e9s au statut d&rsquo;associ\u00e9-salari\u00e9<br><br>Merci \u00e0 tous les b\u00e9n\u00e9voles et \u00e0 tous les visiteurs pour leur participation \u00e0 cette journ\u00e9e, aux visites des diff\u00e9rents ateliers.<br><\/p>\n\n\n\n<figure class=\"wp-block-gallery has-nested-images columns-default is-cropped wp-block-gallery-2 is-layout-flex wp-block-gallery-is-layout-flex\"><\/figure>\n\n\n\n<figure class=\"wp-block-gallery has-nested-images columns-default is-cropped wp-block-gallery-3 is-layout-flex wp-block-gallery-is-layout-flex\"><\/figure>\n\n\n\n<figure class=\"wp-block-gallery has-nested-images columns-default is-cropped wp-block-gallery-4 is-layout-flex wp-block-gallery-is-layout-flex\"><\/figure>\n\n\n\n<p>Rendez-vous \u00e0 l&rsquo;automne pour la suite !<\/p>\n","protected":false},"excerpt":{"rendered":"<p>150 personnes !C&rsquo;est le nombre de visiteurs, de clients, de partenaires qui nous ont rendu visite pour les Portes Ouvertes [&hellip;]<\/p>\n","protected":false},"author":2,"featured_media":971,"comment_status":"closed","ping_status":"open","sticky":false,"template":"","format":"standard","meta":{"footnotes":""},"categories":[19],"tags":[],"class_list":["post-970","post","type-post","status-publish","format-standard","has-post-thumbnail","hentry","category-vie-de-la-scic"],"yoast_head":"<!-- This site is optimized with the Yoast SEO plugin v26.7 - https:\/\/yoast.com\/wordpress\/plugins\/seo\/ -->\n<title>Bien du monde aux Portes Ouvertes - Le Courtil - Quincieux<\/title>\n<meta name=\"robots\" content=\"index, follow, max-snippet:-1, max-image-preview:large, max-video-preview:-1\" \/>\n<link rel=\"canonical\" href=\"https:\/\/lecourtildequincieux.fr\/?p=970\" \/>\n<meta property=\"og:locale\" content=\"fr_FR\" \/>\n<meta property=\"og:type\" content=\"article\" \/>\n<meta property=\"og:title\" content=\"Bien du monde aux Portes Ouvertes - Le Courtil - Quincieux\" \/>\n<meta property=\"og:description\" content=\"150 personnes !C&rsquo;est le nombre de visiteurs, de clients, de partenaires qui nous ont rendu visite pour les Portes Ouvertes [&hellip;]\" \/>\n<meta property=\"og:url\" content=\"https:\/\/lecourtildequincieux.fr\/?p=970\" \/>\n<meta property=\"og:site_name\" content=\"Le Courtil - Quincieux\" \/>\n<meta property=\"article:published_time\" content=\"2024-06-01T06:36:15+00:00\" \/>\n<meta property=\"article:modified_time\" content=\"2024-07-11T06:42:31+00:00\" \/>\n<meta property=\"og:image\" content=\"https:\/\/lecourtildequincieux.fr\/wp-content\/uploads\/2024\/07\/1717075356784.jpg\" \/>\n\t<meta property=\"og:image:width\" content=\"2048\" \/>\n\t<meta property=\"og:image:height\" content=\"1535\" \/>\n\t<meta property=\"og:image:type\" content=\"image\/jpeg\" \/>\n<meta name=\"author\" content=\"Nicolas\" \/>\n<meta name=\"twitter:card\" content=\"summary_large_image\" \/>\n<meta name=\"twitter:label1\" content=\"\u00c9crit par\" \/>\n\t<meta name=\"twitter:data1\" content=\"Nicolas\" \/>\n\t<meta name=\"twitter:label2\" content=\"Dur\u00e9e de lecture estim\u00e9e\" \/>\n\t<meta name=\"twitter:data2\" content=\"3 minutes\" \/>\n<script type=\"application\/ld+json\" class=\"yoast-schema-graph\">{\"@context\":\"https:\/\/schema.org\",\"@graph\":[{\"@type\":\"Article\",\"@id\":\"https:\/\/lecourtildequincieux.fr\/?p=970#article\",\"isPartOf\":{\"@id\":\"https:\/\/lecourtildequincieux.fr\/?p=970\"},\"author\":{\"name\":\"Nicolas\",\"@id\":\"https:\/\/lecourtildequincieux.fr\/#\/schema\/person\/e287df4fe91ff0d5d9d17099a54d9903\"},\"headline\":\"Bien du monde aux Portes Ouvertes\",\"datePublished\":\"2024-06-01T06:36:15+00:00\",\"dateModified\":\"2024-07-11T06:42:31+00:00\",\"mainEntityOfPage\":{\"@id\":\"https:\/\/lecourtildequincieux.fr\/?p=970\"},\"wordCount\":435,\"publisher\":{\"@id\":\"https:\/\/lecourtildequincieux.fr\/#organization\"},\"image\":{\"@id\":\"https:\/\/lecourtildequincieux.fr\/?p=970#primaryimage\"},\"thumbnailUrl\":\"https:\/\/lecourtildequincieux.fr\/wp-content\/uploads\/2024\/07\/1717075356784.jpg\",\"articleSection\":[\"Vie de la SCIC\"],\"inLanguage\":\"fr-FR\"},{\"@type\":\"WebPage\",\"@id\":\"https:\/\/lecourtildequincieux.fr\/?p=970\",\"url\":\"https:\/\/lecourtildequincieux.fr\/?p=970\",\"name\":\"Bien du monde aux Portes Ouvertes - Le Courtil - Quincieux\",\"isPartOf\":{\"@id\":\"https:\/\/lecourtildequincieux.fr\/#website\"},\"primaryImageOfPage\":{\"@id\":\"https:\/\/lecourtildequincieux.fr\/?p=970#primaryimage\"},\"image\":{\"@id\":\"https:\/\/lecourtildequincieux.fr\/?p=970#primaryimage\"},\"thumbnailUrl\":\"https:\/\/lecourtildequincieux.fr\/wp-content\/uploads\/2024\/07\/1717075356784.jpg\",\"datePublished\":\"2024-06-01T06:36:15+00:00\",\"dateModified\":\"2024-07-11T06:42:31+00:00\",\"breadcrumb\":{\"@id\":\"https:\/\/lecourtildequincieux.fr\/?p=970#breadcrumb\"},\"inLanguage\":\"fr-FR\",\"potentialAction\":[{\"@type\":\"ReadAction\",\"target\":[\"https:\/\/lecourtildequincieux.fr\/?p=970\"]}]},{\"@type\":\"ImageObject\",\"inLanguage\":\"fr-FR\",\"@id\":\"https:\/\/lecourtildequincieux.fr\/?p=970#primaryimage\",\"url\":\"https:\/\/lecourtildequincieux.fr\/wp-content\/uploads\/2024\/07\/1717075356784.jpg\",\"contentUrl\":\"https:\/\/lecourtildequincieux.fr\/wp-content\/uploads\/2024\/07\/1717075356784.jpg\",\"width\":2048,\"height\":1535,\"caption\":\"Portes Ouvertes au Courtil de Quincieux\"},{\"@type\":\"BreadcrumbList\",\"@id\":\"https:\/\/lecourtildequincieux.fr\/?p=970#breadcrumb\",\"itemListElement\":[{\"@type\":\"ListItem\",\"position\":1,\"name\":\"Accueil\",\"item\":\"https:\/\/lecourtildequincieux.fr\/\"},{\"@type\":\"ListItem\",\"position\":2,\"name\":\"Bien du monde aux Portes Ouvertes\"}]},{\"@type\":\"WebSite\",\"@id\":\"https:\/\/lecourtildequincieux.fr\/#website\",\"url\":\"https:\/\/lecourtildequincieux.fr\/\",\"name\":\"Le Courtil - Quincieux\",\"description\":\"Ferme collective en Val de Sa\u00f4ne\",\"publisher\":{\"@id\":\"https:\/\/lecourtildequincieux.fr\/#organization\"},\"potentialAction\":[{\"@type\":\"SearchAction\",\"target\":{\"@type\":\"EntryPoint\",\"urlTemplate\":\"https:\/\/lecourtildequincieux.fr\/?s={search_term_string}\"},\"query-input\":{\"@type\":\"PropertyValueSpecification\",\"valueRequired\":true,\"valueName\":\"search_term_string\"}}],\"inLanguage\":\"fr-FR\"},{\"@type\":\"Organization\",\"@id\":\"https:\/\/lecourtildequincieux.fr\/#organization\",\"name\":\"Le Courtil - Quincieux\",\"url\":\"https:\/\/lecourtildequincieux.fr\/\",\"logo\":{\"@type\":\"ImageObject\",\"inLanguage\":\"fr-FR\",\"@id\":\"https:\/\/lecourtildequincieux.fr\/#\/schema\/logo\/image\/\",\"url\":\"https:\/\/lecourtildequincieux.fr\/wp-content\/uploads\/2024\/04\/cropped-LogoLeCourtilLD.png\",\"contentUrl\":\"https:\/\/lecourtildequincieux.fr\/wp-content\/uploads\/2024\/04\/cropped-LogoLeCourtilLD.png\",\"width\":250,\"height\":94,\"caption\":\"Le Courtil - Quincieux\"},\"image\":{\"@id\":\"https:\/\/lecourtildequincieux.fr\/#\/schema\/logo\/image\/\"}},{\"@type\":\"Person\",\"@id\":\"https:\/\/lecourtildequincieux.fr\/#\/schema\/person\/e287df4fe91ff0d5d9d17099a54d9903\",\"name\":\"Nicolas\",\"url\":\"https:\/\/lecourtildequincieux.fr\/?author=2\"}]}<\/script>\n<!-- \/ Yoast SEO plugin. -->","yoast_head_json":{"title":"Bien du monde aux Portes Ouvertes - Le Courtil - Quincieux","robots":{"index":"index","follow":"follow","max-snippet":"max-snippet:-1","max-image-preview":"max-image-preview:large","max-video-preview":"max-video-preview:-1"},"canonical":"https:\/\/lecourtildequincieux.fr\/?p=970","og_locale":"fr_FR","og_type":"article","og_title":"Bien du monde aux Portes Ouvertes - Le Courtil - Quincieux","og_description":"150 personnes !C&rsquo;est le nombre de visiteurs, de clients, de partenaires qui nous ont rendu visite pour les Portes Ouvertes [&hellip;]","og_url":"https:\/\/lecourtildequincieux.fr\/?p=970","og_site_name":"Le Courtil - Quincieux","article_published_time":"2024-06-01T06:36:15+00:00","article_modified_time":"2024-07-11T06:42:31+00:00","og_image":[{"width":2048,"height":1535,"url":"https:\/\/lecourtildequincieux.fr\/wp-content\/uploads\/2024\/07\/1717075356784.jpg","type":"image\/jpeg"}],"author":"Nicolas","twitter_card":"summary_large_image","twitter_misc":{"\u00c9crit par":"Nicolas","Dur\u00e9e de lecture estim\u00e9e":"3 minutes"},"schema":{"@context":"https:\/\/schema.org","@graph":[{"@type":"Article","@id":"https:\/\/lecourtildequincieux.fr\/?p=970#article","isPartOf":{"@id":"https:\/\/lecourtildequincieux.fr\/?p=970"},"author":{"name":"Nicolas","@id":"https:\/\/lecourtildequincieux.fr\/#\/schema\/person\/e287df4fe91ff0d5d9d17099a54d9903"},"headline":"Bien du monde aux Portes Ouvertes","datePublished":"2024-06-01T06:36:15+00:00","dateModified":"2024-07-11T06:42:31+00:00","mainEntityOfPage":{"@id":"https:\/\/lecourtildequincieux.fr\/?p=970"},"wordCount":435,"publisher":{"@id":"https:\/\/lecourtildequincieux.fr\/#organization"},"image":{"@id":"https:\/\/lecourtildequincieux.fr\/?p=970#primaryimage"},"thumbnailUrl":"https:\/\/lecourtildequincieux.fr\/wp-content\/uploads\/2024\/07\/1717075356784.jpg","articleSection":["Vie de la SCIC"],"inLanguage":"fr-FR"},{"@type":"WebPage","@id":"https:\/\/lecourtildequincieux.fr\/?p=970","url":"https:\/\/lecourtildequincieux.fr\/?p=970","name":"Bien du monde aux Portes Ouvertes - Le Courtil - Quincieux","isPartOf":{"@id":"https:\/\/lecourtildequincieux.fr\/#website"},"primaryImageOfPage":{"@id":"https:\/\/lecourtildequincieux.fr\/?p=970#primaryimage"},"image":{"@id":"https:\/\/lecourtildequincieux.fr\/?p=970#primaryimage"},"thumbnailUrl":"https:\/\/lecourtildequincieux.fr\/wp-content\/uploads\/2024\/07\/1717075356784.jpg","datePublished":"2024-06-01T06:36:15+00:00","dateModified":"2024-07-11T06:42:31+00:00","breadcrumb":{"@id":"https:\/\/lecourtildequincieux.fr\/?p=970#breadcrumb"},"inLanguage":"fr-FR","potentialAction":[{"@type":"ReadAction","target":["https:\/\/lecourtildequincieux.fr\/?p=970"]}]},{"@type":"ImageObject","inLanguage":"fr-FR","@id":"https:\/\/lecourtildequincieux.fr\/?p=970#primaryimage","url":"https:\/\/lecourtildequincieux.fr\/wp-content\/uploads\/2024\/07\/1717075356784.jpg","contentUrl":"https:\/\/lecourtildequincieux.fr\/wp-content\/uploads\/2024\/07\/1717075356784.jpg","width":2048,"height":1535,"caption":"Portes Ouvertes au Courtil de Quincieux"},{"@type":"BreadcrumbList","@id":"https:\/\/lecourtildequincieux.fr\/?p=970#breadcrumb","itemListElement":[{"@type":"ListItem","position":1,"name":"Accueil","item":"https:\/\/lecourtildequincieux.fr\/"},{"@type":"ListItem","position":2,"name":"Bien du monde aux Portes Ouvertes"}]},{"@type":"WebSite","@id":"https:\/\/lecourtildequincieux.fr\/#website","url":"https:\/\/lecourtildequincieux.fr\/","name":"Le Courtil - Quincieux","description":"Ferme collective en Val de Sa\u00f4ne","publisher":{"@id":"https:\/\/lecourtildequincieux.fr\/#organization"},"potentialAction":[{"@type":"SearchAction","target":{"@type":"EntryPoint","urlTemplate":"https:\/\/lecourtildequincieux.fr\/?s={search_term_string}"},"query-input":{"@type":"PropertyValueSpecification","valueRequired":true,"valueName":"search_term_string"}}],"inLanguage":"fr-FR"},{"@type":"Organization","@id":"https:\/\/lecourtildequincieux.fr\/#organization","name":"Le Courtil - Quincieux","url":"https:\/\/lecourtildequincieux.fr\/","logo":{"@type":"ImageObject","inLanguage":"fr-FR","@id":"https:\/\/lecourtildequincieux.fr\/#\/schema\/logo\/image\/","url":"https:\/\/lecourtildequincieux.fr\/wp-content\/uploads\/2024\/04\/cropped-LogoLeCourtilLD.png","contentUrl":"https:\/\/lecourtildequincieux.fr\/wp-content\/uploads\/2024\/04\/cropped-LogoLeCourtilLD.png","width":250,"height":94,"caption":"Le Courtil - Quincieux"},"image":{"@id":"https:\/\/lecourtildequincieux.fr\/#\/schema\/logo\/image\/"}},{"@type":"Person","@id":"https:\/\/lecourtildequincieux.fr\/#\/schema\/person\/e287df4fe91ff0d5d9d17099a54d9903","name":"Nicolas","url":"https:\/\/lecourtildequincieux.fr\/?author=2"}]}},"_links":{"self":[{"href":"https:\/\/lecourtildequincieux.fr\/index.php?rest_route=\/wp\/v2\/posts\/970","targetHints":{"allow":["GET"]}}],"collection":[{"href":"https:\/\/lecourtildequincieux.fr\/index.php?rest_route=\/wp\/v2\/posts"}],"about":[{"href":"https:\/\/lecourtildequincieux.fr\/index.php?rest_route=\/wp\/v2\/types\/post"}],"author":[{"embeddable":true,"href":"https:\/\/lecourtildequincieux.fr\/index.php?rest_route=\/wp\/v2\/users\/2"}],"replies":[{"embeddable":true,"href":"https:\/\/lecourtildequincieux.fr\/index.php?rest_route=%2Fwp%2Fv2%2Fcomments&post=970"}],"version-history":[{"count":1,"href":"https:\/\/lecourtildequincieux.fr\/index.php?rest_route=\/wp\/v2\/posts\/970\/revisions"}],"predecessor-version":[{"id":976,"href":"https:\/\/lecourtildequincieux.fr\/index.php?rest_route=\/wp\/v2\/posts\/970\/revisions\/976"}],"wp:featuredmedia":[{"embeddable":true,"href":"https:\/\/lecourtildequincieux.fr\/index.php?rest_route=\/wp\/v2\/media\/971"}],"wp:attachment":[{"href":"https:\/\/lecourtildequincieux.fr\/index.php?rest_route=%2Fwp%2Fv2%2Fmedia&parent=970"}],"wp:term":[{"taxonomy":"category","embeddable":true,"href":"https:\/\/lecourtildequincieux.fr\/index.php?rest_route=%2Fwp%2Fv2%2Fcategories&post=970"},{"taxonomy":"post_tag","embeddable":true,"href":"https:\/\/lecourtildequincieux.fr\/index.php?rest_route=%2Fwp%2Fv2%2Ftags&post=970"}],"curies":[{"name":"wp","href":"https:\/\/api.w.org\/{rel}","templated":true}]}}